{"id":2568,"date":"2025-11-05T21:41:50","date_gmt":"2025-11-06T00:41:50","guid":{"rendered":"https:\/\/amrn.org.br\/home\/?p=2568"},"modified":"2025-11-05T21:41:50","modified_gmt":"2025-11-06T00:41:50","slug":"sbem-rn-alerta-mais-de-25-mil-amputacoes-no-rn-poderiam-ser-evitadas-com-diagnostico-precoce-do-diabetes","status":"publish","type":"post","link":"https:\/\/amrn.org.br\/home\/sbem-rn-alerta-mais-de-25-mil-amputacoes-no-rn-poderiam-ser-evitadas-com-diagnostico-precoce-do-diabetes\/","title":{"rendered":"SBEM-RN alerta: mais de 2,5 mil amputa\u00e7\u00f5es no RN poderiam ser evitadas com diagn\u00f3stico precoce do diabetes"},"content":{"rendered":"\n<p>Durante todo o m\u00eas de novembro, a Sociedade Brasileira de Endocrinologia e Metabologia do Rio Grande do Norte (SBEM-RN) realiza uma ampla mobiliza\u00e7\u00e3o voltada \u00e0 import\u00e2ncia da conscientiza\u00e7\u00e3o para o diagn\u00f3stico e tratamento precoce do diabetes.<\/p>\n\n\n\n<p>O diabetes \u00e9 uma das principais doen\u00e7as cr\u00f4nicas do Brasil, atingindo mais de 16 milh\u00f5es de pessoas \u2014 cerca de 7% da popula\u00e7\u00e3o. O acompanhamento pode ser feito gratuitamente nas Unidades B\u00e1sicas de Sa\u00fade (UBS) em todo o pa\u00eds. O Sistema \u00danico de Sa\u00fade (SUS) tamb\u00e9m disponibiliza insumos para medi\u00e7\u00e3o e controle da glicemia, fundamentais para evitar complica\u00e7\u00f5es associadas \u00e0 doen\u00e7a.<\/p>\n\n\n\n<p>Quando n\u00e3o tratada adequadamente, o diabetes pode causar graves consequ\u00eancias metab\u00f3licas e circulat\u00f3rias, aumentando o risco de dem\u00eancia, doen\u00e7as cardiovasculares e amputa\u00e7\u00f5es, podendo inclusive levar \u00e0 morte.<\/p>\n\n\n\n<p>De acordo com dados atualizados da Secretaria de Estado da Sa\u00fade P\u00fablica (Sesap\/RN), entre novembro de 2022 e outubro de 2025, o Rio Grande do Norte registrou:<br>\u2022 1.168 amputa\u00e7\u00f5es de dedo<br>\u2022 5 de m\u00e3o e punho<br>\u2022 928 de membros inferiores<br>\u2022 408 de p\u00e9 e tarso<br>\u27a1\ufe0f Total: 2.509 amputa\u00e7\u00f5es em decorr\u00eancia do diabetes<br>(Fonte: Plataforma Regula Vascular)<\/p>\n\n\n\n<p>Esses n\u00fameros refor\u00e7am a import\u00e2ncia do diagn\u00f3stico precoce e do tratamento cont\u00ednuo, pilares fundamentais para garantir qualidade de vida e preven\u00e7\u00e3o de complica\u00e7\u00f5es nas pessoas com diabetes.<\/p>\n\n\n\n<p>\u201cNosso objetivo \u00e9 alertar a popula\u00e7\u00e3o para o diagn\u00f3stico precoce e o controle adequado do diabetes, evitando complica\u00e7\u00f5es que podem ser graves e at\u00e9 fatais. O cuidado constante, aliado \u00e0 informa\u00e7\u00e3o, \u00e9 a melhor forma de prevenir\u201d, destaca a endocrinologista Dra. Anna Karina, presidente da SBEM-RN.<\/p>\n\n\n\n<p><\/p>\n","protected":false},"excerpt":{"rendered":"<p>Durante todo o m\u00eas de novembro, a Sociedade Brasileira de Endocrinologia e Metabologia do Rio Grande do Norte (SBEM-RN) realiza uma ampla mobiliza\u00e7\u00e3o voltada \u00e0 import\u00e2ncia da conscientiza\u00e7\u00e3o para o diagn\u00f3stico e tratamento precoce do diabetes. O diabetes \u00e9 uma das principais doen\u00e7as cr\u00f4nicas do Brasil, atingindo mais de 16 milh\u00f5es de pessoas \u2014 cerca [&hellip;]<\/p>\n","protected":false},"author":2,"featured_media":2569,"comment_status":"closed","ping_status":"","sticky":false,"template":"","format":"standard","meta":{"zakra_sidebar_layout":"customizer","zakra_remove_content_margin":false,"zakra_sidebar":"customizer","zakra_transparent_header":"customizer","zakra_logo":0,"zakra_main_header_style":"default","zakra_menu_item_color":"","zakra_menu_item_hover_color":"","zakra_menu_item_active_color":"","zakra_menu_active_style":"","zakra_page_header":true,"footnotes":""},"categories":[31],"tags":[],"class_list":["post-2568","post","type-post","status-publish","format-standard","has-post-thumbnail","hentry","category-noticias"],"_links":{"self":[{"href":"https:\/\/amrn.org.br\/home\/wp-json\/wp\/v2\/posts\/2568","targetHints":{"allow":["GET"]}}],"collection":[{"href":"https:\/\/amrn.org.br\/home\/wp-json\/wp\/v2\/posts"}],"about":[{"href":"https:\/\/amrn.org.br\/home\/wp-json\/wp\/v2\/types\/post"}],"author":[{"embeddable":true,"href":"https:\/\/amrn.org.br\/home\/wp-json\/wp\/v2\/users\/2"}],"replies":[{"embeddable":true,"href":"https:\/\/amrn.org.br\/home\/wp-json\/wp\/v2\/comments?post=2568"}],"version-history":[{"count":1,"href":"https:\/\/amrn.org.br\/home\/wp-json\/wp\/v2\/posts\/2568\/revisions"}],"predecessor-version":[{"id":2570,"href":"https:\/\/amrn.org.br\/home\/wp-json\/wp\/v2\/posts\/2568\/revisions\/2570"}],"wp:featuredmedia":[{"embeddable":true,"href":"https:\/\/amrn.org.br\/home\/wp-json\/wp\/v2\/media\/2569"}],"wp:attachment":[{"href":"https:\/\/amrn.org.br\/home\/wp-json\/wp\/v2\/media?parent=2568"}],"wp:term":[{"taxonomy":"category","embeddable":true,"href":"https:\/\/amrn.org.br\/home\/wp-json\/wp\/v2\/categories?post=2568"},{"taxonomy":"post_tag","embeddable":true,"href":"https:\/\/amrn.org.br\/home\/wp-json\/wp\/v2\/tags?post=2568"}],"curies":[{"name":"wp","href":"https:\/\/api.w.org\/{rel}","templated":true}]}}