{"id":2560,"date":"2025-11-05T21:32:45","date_gmt":"2025-11-06T00:32:45","guid":{"rendered":"https:\/\/amrn.org.br\/home\/?p=2560"},"modified":"2025-11-05T21:32:45","modified_gmt":"2025-11-06T00:32:45","slug":"8o-forum-de-atualizacao-medica-e-3o-forum-das-ligas-academicas-consolidam-o-maior-encontro-cientifico-da-medicina-potiguar","status":"publish","type":"post","link":"https:\/\/amrn.org.br\/home\/8o-forum-de-atualizacao-medica-e-3o-forum-das-ligas-academicas-consolidam-o-maior-encontro-cientifico-da-medicina-potiguar\/","title":{"rendered":"8\u00ba F\u00f3rum de Atualiza\u00e7\u00e3o M\u00e9dica e 3\u00ba F\u00f3rum das Ligas Acad\u00eamicas consolidam o maior encontro cient\u00edfico da Medicina potiguar"},"content":{"rendered":"\n<p>Entre os dias 30 e 31 de outubro e 1\u00ba de novembro, a Associa\u00e7\u00e3o M\u00e9dica do Rio Grande do Norte promoveu o 8\u00ba F\u00f3rum de Atualiza\u00e7\u00e3o M\u00e9dica e o 3\u00ba F\u00f3rum das Ligas Acad\u00eamicas de Medicina, reunindo profissionais, professores, pesquisadores e estudantes em torno de uma programa\u00e7\u00e3o cient\u00edfica de alto n\u00edvel.<\/p>\n\n\n\n<p>O evento, que j\u00e1 se consolidou como o maior encontro cient\u00edfico da Medicina do Rio Grande do Norte, mais uma vez superou expectativas, fortalecendo o di\u00e1logo entre a pr\u00e1tica m\u00e9dica e o ambiente acad\u00eamico.<\/p>\n\n\n\n<p>Durante os tr\u00eas dias de atividades, os participantes tiveram acesso a confer\u00eancias, mesas-redondas e apresenta\u00e7\u00f5es de trabalhos cient\u00edficos, conduzidas por especialistas renomados das mais diversas \u00e1reas da Medicina. O espa\u00e7o tamb\u00e9m foi uma oportunidade de integra\u00e7\u00e3o entre gera\u00e7\u00f5es, estimulando o aprendizado, a troca de experi\u00eancias e a forma\u00e7\u00e3o de novas conex\u00f5es.<\/p>\n\n\n\n<p>A cada edi\u00e7\u00e3o, o F\u00f3rum amplia seu alcance, atraindo um n\u00famero crescente de acad\u00eamicos e profissionais de diferentes especialidades, al\u00e9m de fomentar o interesse pela pesquisa e pela atualiza\u00e7\u00e3o m\u00e9dica cont\u00ednua.<\/p>\n\n\n\n<p>\u201cO F\u00f3rum de Atualiza\u00e7\u00e3o M\u00e9dica vem se fortalecendo ano ap\u00f3s ano, com uma programa\u00e7\u00e3o de excel\u00eancia e uma participa\u00e7\u00e3o cada vez mais ampla. Este ano foi, sem d\u00favida, um dos mais marcantes, com alto n\u00edvel cient\u00edfico e uma grande presen\u00e7a de acad\u00eamicos. \u00c9 um orgulho ver o crescimento e o impacto desse evento para a Medicina potiguar\u201d, destacou o diretor cient\u00edfico da Associa\u00e7\u00e3o M\u00e9dica do Rio Grande do Norte, Dr. Levi Jales.<\/p>\n\n\n\n<p>O sucesso do 8\u00ba F\u00f3rum de Atualiza\u00e7\u00e3o M\u00e9dica e do 3\u00ba F\u00f3rum das Ligas Acad\u00eamicas refor\u00e7a o compromisso da AMRN com a forma\u00e7\u00e3o cient\u00edfica, o est\u00edmulo \u00e0 pesquisa e o fortalecimento das conex\u00f5es entre m\u00e9dicos e futuros m\u00e9dicos.<\/p>\n\n\n\n<figure class=\"blockart-image blockart-image-9e885088\"><img loading=\"lazy\" decoding=\"async\" class=\"wp-image-2562 hover-effect-static filter-none mask mask-none\" src=\"https:\/\/amrn.org.br\/home\/wp-content\/uploads\/2025\/11\/WhatsApp-Image-2025-11-05-at-21.27.53-4.jpeg\" alt=\"\" height=\"1066\" width=\"1600\" srcset=\"https:\/\/amrn.org.br\/home\/wp-content\/uploads\/2025\/11\/WhatsApp-Image-2025-11-05-at-21.27.53-4.jpeg 1600w, https:\/\/amrn.org.br\/home\/wp-content\/uploads\/2025\/11\/WhatsApp-Image-2025-11-05-at-21.27.53-4-300x200.jpeg 300w, https:\/\/amrn.org.br\/home\/wp-content\/uploads\/2025\/11\/WhatsApp-Image-2025-11-05-at-21.27.53-4-1024x682.jpeg 1024w, https:\/\/amrn.org.br\/home\/wp-content\/uploads\/2025\/11\/WhatsApp-Image-2025-11-05-at-21.27.53-4-768x512.jpeg 768w, https:\/\/amrn.org.br\/home\/wp-content\/uploads\/2025\/11\/WhatsApp-Image-2025-11-05-at-21.27.53-4-1536x1023.jpeg 1536w\" sizes=\"auto, (max-width: 1600px) 100vw, 1600px\" \/><\/figure>\n\n\n\n<figure class=\"blockart-image blockart-image-fdde80f7\"><img loading=\"lazy\" decoding=\"async\" class=\"wp-image-2565 hover-effect-static filter-none mask mask-none\" src=\"https:\/\/amrn.org.br\/home\/wp-content\/uploads\/2025\/11\/WhatsApp-Image-2025-11-05-at-21.27.53-1.jpeg\" alt=\"\" height=\"1066\" width=\"1600\" srcset=\"https:\/\/amrn.org.br\/home\/wp-content\/uploads\/2025\/11\/WhatsApp-Image-2025-11-05-at-21.27.53-1.jpeg 1600w, https:\/\/amrn.org.br\/home\/wp-content\/uploads\/2025\/11\/WhatsApp-Image-2025-11-05-at-21.27.53-1-300x200.jpeg 300w, https:\/\/amrn.org.br\/home\/wp-content\/uploads\/2025\/11\/WhatsApp-Image-2025-11-05-at-21.27.53-1-1024x682.jpeg 1024w, https:\/\/amrn.org.br\/home\/wp-content\/uploads\/2025\/11\/WhatsApp-Image-2025-11-05-at-21.27.53-1-768x512.jpeg 768w, https:\/\/amrn.org.br\/home\/wp-content\/uploads\/2025\/11\/WhatsApp-Image-2025-11-05-at-21.27.53-1-1536x1023.jpeg 1536w\" sizes=\"auto, (max-width: 1600px) 100vw, 1600px\" \/><\/figure>\n\n\n\n<figure class=\"blockart-image blockart-image-b985293c\"><img loading=\"lazy\" decoding=\"async\" class=\"wp-image-2564 hover-effect-static filter-none mask mask-none\" src=\"https:\/\/amrn.org.br\/home\/wp-content\/uploads\/2025\/11\/WhatsApp-Image-2025-11-05-at-21.27.53-2.jpeg\" alt=\"\" height=\"1066\" width=\"1600\" srcset=\"https:\/\/amrn.org.br\/home\/wp-content\/uploads\/2025\/11\/WhatsApp-Image-2025-11-05-at-21.27.53-2.jpeg 1600w, https:\/\/amrn.org.br\/home\/wp-content\/uploads\/2025\/11\/WhatsApp-Image-2025-11-05-at-21.27.53-2-300x200.jpeg 300w, https:\/\/amrn.org.br\/home\/wp-content\/uploads\/2025\/11\/WhatsApp-Image-2025-11-05-at-21.27.53-2-1024x682.jpeg 1024w, https:\/\/amrn.org.br\/home\/wp-content\/uploads\/2025\/11\/WhatsApp-Image-2025-11-05-at-21.27.53-2-768x512.jpeg 768w, https:\/\/amrn.org.br\/home\/wp-content\/uploads\/2025\/11\/WhatsApp-Image-2025-11-05-at-21.27.53-2-1536x1023.jpeg 1536w\" sizes=\"auto, (max-width: 1600px) 100vw, 1600px\" \/><\/figure>\n\n\n\n<figure class=\"blockart-image blockart-image-33570209\"><img loading=\"lazy\" decoding=\"async\" class=\"wp-image-2561 hover-effect-static filter-none mask mask-none\" src=\"https:\/\/amrn.org.br\/home\/wp-content\/uploads\/2025\/11\/WhatsApp-Image-2025-11-05-at-21.27.53-5.jpeg\" alt=\"\" height=\"1066\" width=\"1600\" srcset=\"https:\/\/amrn.org.br\/home\/wp-content\/uploads\/2025\/11\/WhatsApp-Image-2025-11-05-at-21.27.53-5.jpeg 1600w, https:\/\/amrn.org.br\/home\/wp-content\/uploads\/2025\/11\/WhatsApp-Image-2025-11-05-at-21.27.53-5-300x200.jpeg 300w, https:\/\/amrn.org.br\/home\/wp-content\/uploads\/2025\/11\/WhatsApp-Image-2025-11-05-at-21.27.53-5-1024x682.jpeg 1024w, https:\/\/amrn.org.br\/home\/wp-content\/uploads\/2025\/11\/WhatsApp-Image-2025-11-05-at-21.27.53-5-768x512.jpeg 768w, https:\/\/amrn.org.br\/home\/wp-content\/uploads\/2025\/11\/WhatsApp-Image-2025-11-05-at-21.27.53-5-1536x1023.jpeg 1536w\" sizes=\"auto, (max-width: 1600px) 100vw, 1600px\" \/><\/figure>\n","protected":false},"excerpt":{"rendered":"<p>Entre os dias 30 e 31 de outubro e 1\u00ba de novembro, a Associa\u00e7\u00e3o M\u00e9dica do Rio Grande do Norte promoveu o 8\u00ba F\u00f3rum de Atualiza\u00e7\u00e3o M\u00e9dica e o 3\u00ba F\u00f3rum das Ligas Acad\u00eamicas de Medicina, reunindo profissionais, professores, pesquisadores e estudantes em torno de uma programa\u00e7\u00e3o cient\u00edfica de alto n\u00edvel. O evento, que j\u00e1 [&hellip;]<\/p>\n","protected":false},"author":2,"featured_media":2566,"comment_status":"closed","ping_status":"","sticky":false,"template":"","format":"standard","meta":{"zakra_sidebar_layout":"customizer","zakra_remove_content_margin":false,"zakra_sidebar":"customizer","zakra_transparent_header":"customizer","zakra_logo":0,"zakra_main_header_style":"default","zakra_menu_item_color":"","zakra_menu_item_hover_color":"","zakra_menu_item_active_color":"","zakra_menu_active_style":"","zakra_page_header":true,"footnotes":""},"categories":[31],"tags":[],"class_list":["post-2560","post","type-post","status-publish","format-standard","has-post-thumbnail","hentry","category-noticias"],"_links":{"self":[{"href":"https:\/\/amrn.org.br\/home\/wp-json\/wp\/v2\/posts\/2560","targetHints":{"allow":["GET"]}}],"collection":[{"href":"https:\/\/amrn.org.br\/home\/wp-json\/wp\/v2\/posts"}],"about":[{"href":"https:\/\/amrn.org.br\/home\/wp-json\/wp\/v2\/types\/post"}],"author":[{"embeddable":true,"href":"https:\/\/amrn.org.br\/home\/wp-json\/wp\/v2\/users\/2"}],"replies":[{"embeddable":true,"href":"https:\/\/amrn.org.br\/home\/wp-json\/wp\/v2\/comments?post=2560"}],"version-history":[{"count":1,"href":"https:\/\/amrn.org.br\/home\/wp-json\/wp\/v2\/posts\/2560\/revisions"}],"predecessor-version":[{"id":2567,"href":"https:\/\/amrn.org.br\/home\/wp-json\/wp\/v2\/posts\/2560\/revisions\/2567"}],"wp:featuredmedia":[{"embeddable":true,"href":"https:\/\/amrn.org.br\/home\/wp-json\/wp\/v2\/media\/2566"}],"wp:attachment":[{"href":"https:\/\/amrn.org.br\/home\/wp-json\/wp\/v2\/media?parent=2560"}],"wp:term":[{"taxonomy":"category","embeddable":true,"href":"https:\/\/amrn.org.br\/home\/wp-json\/wp\/v2\/categories?post=2560"},{"taxonomy":"post_tag","embeddable":true,"href":"https:\/\/amrn.org.br\/home\/wp-json\/wp\/v2\/tags?post=2560"}],"curies":[{"name":"wp","href":"https:\/\/api.w.org\/{rel}","templated":true}]}}