{"id":2557,"date":"2025-11-05T21:20:25","date_gmt":"2025-11-06T00:20:25","guid":{"rendered":"https:\/\/amrn.org.br\/home\/?p=2557"},"modified":"2025-11-05T21:20:55","modified_gmt":"2025-11-06T00:20:55","slug":"inmed-2025-a-festa-do-medico-realiza-uma-noite-inesquecivel-no-rooftop-arena-das-dunas","status":"publish","type":"post","link":"https:\/\/amrn.org.br\/home\/inmed-2025-a-festa-do-medico-realiza-uma-noite-inesquecivel-no-rooftop-arena-das-dunas\/","title":{"rendered":"InMED 2025: Festa do M\u00e9dico realiza uma noite inesquec\u00edvel no Rooftop Arena das Dunas"},"content":{"rendered":"\n<p>A InMED 2025 \u2013 A Festa do M\u00e9dico \u2013 foi um verdadeiro sucesso e j\u00e1 entrou para a hist\u00f3ria da Associa\u00e7\u00e3o M\u00e9dica do Rio Grande do Norte. Realizada no \u00faltimo s\u00e1bado, 11 de outubro, no Rooftop do Arena das Dunas, a celebra\u00e7\u00e3o reuniu m\u00e9dicos e convidados em um ambiente de alto astral, com muita m\u00fasica, alegria e integra\u00e7\u00e3o.<\/p>\n\n\n\n<p>A noite contou com tr\u00eas grandes atra\u00e7\u00f5es musicais, que garantiram divers\u00e3o do in\u00edcio ao fim. O cen\u00e1rio moderno e acolhedor do Rooftop foi o palco perfeito para celebrar a Medicina e os profissionais que dedicam suas vidas ao cuidado com a sa\u00fade.<\/p>\n\n\n\n<p>Mais do que uma festa, o evento foi um momento de conex\u00e3o e valoriza\u00e7\u00e3o da classe m\u00e9dica, marcando o calend\u00e1rio de comemora\u00e7\u00f5es do M\u00eas do M\u00e9dico com energia, eleg\u00e2ncia e muita anima\u00e7\u00e3o.<\/p>\n\n\n\n<p>A vice-presidente da Associa\u00e7\u00e3o M\u00e9dica do Rio Grande do Norte, Dra. Rosana Rebelo, destacou a import\u00e2ncia da confraterniza\u00e7\u00e3o:<\/p>\n\n\n\n<p>\u201cFoi uma noite inesquec\u00edvel, que refor\u00e7ou os la\u00e7os entre os colegas e celebrou o que temos de melhor: a uni\u00e3o e o entusiasmo pela Medicina. Agradecemos a todos que participaram e aos patrocinadores que tornaram esse momento poss\u00edvel. E para quem n\u00e3o p\u00f4de estar presente, fica o convite: no pr\u00f3ximo ano tem mais!\u201d, afirmou.<\/p>\n\n\n\n<p>A produ\u00e7\u00e3o do evento foi assinada pela @padraomestico, que cuidou de todos os detalhes para garantir uma experi\u00eancia memor\u00e1vel.<\/p>\n\n\n\n<p>Com muita energia positiva, a InMED 2025 confirmou seu lugar como uma das celebra\u00e7\u00f5es mais esperadas do calend\u00e1rio da Associa\u00e7\u00e3o M\u00e9dica.<\/p>\n\n\n\n<figure class=\"blockart-image blockart-image-8f2a1f91\"><img loading=\"lazy\" decoding=\"async\" class=\"wp-image-2556 hover-effect-static filter-none mask mask-none\" src=\"https:\/\/amrn.org.br\/home\/wp-content\/uploads\/2025\/11\/WhatsApp-Image-2025-11-05-at-21.15.54.jpeg\" alt=\"\" height=\"854\" width=\"1280\" srcset=\"https:\/\/amrn.org.br\/home\/wp-content\/uploads\/2025\/11\/WhatsApp-Image-2025-11-05-at-21.15.54.jpeg 1280w, https:\/\/amrn.org.br\/home\/wp-content\/uploads\/2025\/11\/WhatsApp-Image-2025-11-05-at-21.15.54-300x200.jpeg 300w, https:\/\/amrn.org.br\/home\/wp-content\/uploads\/2025\/11\/WhatsApp-Image-2025-11-05-at-21.15.54-1024x683.jpeg 1024w, https:\/\/amrn.org.br\/home\/wp-content\/uploads\/2025\/11\/WhatsApp-Image-2025-11-05-at-21.15.54-768x512.jpeg 768w\" sizes=\"auto, (max-width: 1280px) 100vw, 1280px\" \/><\/figure>\n\n\n\n<figure class=\"blockart-image blockart-image-0c172ff6\"><img loading=\"lazy\" decoding=\"async\" class=\"wp-image-2553 hover-effect-static filter-none mask mask-none\" src=\"https:\/\/amrn.org.br\/home\/wp-content\/uploads\/2025\/11\/WhatsApp-Image-2025-11-05-at-21.15.54-3.jpeg\" alt=\"\" height=\"854\" width=\"1280\" srcset=\"https:\/\/amrn.org.br\/home\/wp-content\/uploads\/2025\/11\/WhatsApp-Image-2025-11-05-at-21.15.54-3.jpeg 1280w, https:\/\/amrn.org.br\/home\/wp-content\/uploads\/2025\/11\/WhatsApp-Image-2025-11-05-at-21.15.54-3-300x200.jpeg 300w, https:\/\/amrn.org.br\/home\/wp-content\/uploads\/2025\/11\/WhatsApp-Image-2025-11-05-at-21.15.54-3-1024x683.jpeg 1024w, https:\/\/amrn.org.br\/home\/wp-content\/uploads\/2025\/11\/WhatsApp-Image-2025-11-05-at-21.15.54-3-768x512.jpeg 768w\" sizes=\"auto, (max-width: 1280px) 100vw, 1280px\" \/><\/figure>\n","protected":false},"excerpt":{"rendered":"<p>A InMED 2025 \u2013 A Festa do M\u00e9dico \u2013 foi um verdadeiro sucesso e j\u00e1 entrou para a hist\u00f3ria da Associa\u00e7\u00e3o M\u00e9dica do Rio Grande do Norte. Realizada no \u00faltimo s\u00e1bado, 11 de outubro, no Rooftop do Arena das Dunas, a celebra\u00e7\u00e3o reuniu m\u00e9dicos e convidados em um ambiente de alto astral, com muita m\u00fasica, [&hellip;]<\/p>\n","protected":false},"author":2,"featured_media":2555,"comment_status":"closed","ping_status":"","sticky":false,"template":"","format":"standard","meta":{"zakra_sidebar_layout":"customizer","zakra_remove_content_margin":false,"zakra_sidebar":"customizer","zakra_transparent_header":"customizer","zakra_logo":0,"zakra_main_header_style":"default","zakra_menu_item_color":"","zakra_menu_item_hover_color":"","zakra_menu_item_active_color":"","zakra_menu_active_style":"","zakra_page_header":true,"footnotes":""},"categories":[31],"tags":[],"class_list":["post-2557","post","type-post","status-publish","format-standard","has-post-thumbnail","hentry","category-noticias"],"_links":{"self":[{"href":"https:\/\/amrn.org.br\/home\/wp-json\/wp\/v2\/posts\/2557","targetHints":{"allow":["GET"]}}],"collection":[{"href":"https:\/\/amrn.org.br\/home\/wp-json\/wp\/v2\/posts"}],"about":[{"href":"https:\/\/amrn.org.br\/home\/wp-json\/wp\/v2\/types\/post"}],"author":[{"embeddable":true,"href":"https:\/\/amrn.org.br\/home\/wp-json\/wp\/v2\/users\/2"}],"replies":[{"embeddable":true,"href":"https:\/\/amrn.org.br\/home\/wp-json\/wp\/v2\/comments?post=2557"}],"version-history":[{"count":2,"href":"https:\/\/amrn.org.br\/home\/wp-json\/wp\/v2\/posts\/2557\/revisions"}],"predecessor-version":[{"id":2559,"href":"https:\/\/amrn.org.br\/home\/wp-json\/wp\/v2\/posts\/2557\/revisions\/2559"}],"wp:featuredmedia":[{"embeddable":true,"href":"https:\/\/amrn.org.br\/home\/wp-json\/wp\/v2\/media\/2555"}],"wp:attachment":[{"href":"https:\/\/amrn.org.br\/home\/wp-json\/wp\/v2\/media?parent=2557"}],"wp:term":[{"taxonomy":"category","embeddable":true,"href":"https:\/\/amrn.org.br\/home\/wp-json\/wp\/v2\/categories?post=2557"},{"taxonomy":"post_tag","embeddable":true,"href":"https:\/\/amrn.org.br\/home\/wp-json\/wp\/v2\/tags?post=2557"}],"curies":[{"name":"wp","href":"https:\/\/api.w.org\/{rel}","templated":true}]}}