{"id":2551,"date":"2025-11-05T21:06:09","date_gmt":"2025-11-06T00:06:09","guid":{"rendered":"https:\/\/amrn.org.br\/home\/?p=2551"},"modified":"2025-11-05T21:06:09","modified_gmt":"2025-11-06T00:06:09","slug":"caminhada-e-corrida-do-medico-reune-mais-de-500-atletas","status":"publish","type":"post","link":"https:\/\/amrn.org.br\/home\/caminhada-e-corrida-do-medico-reune-mais-de-500-atletas\/","title":{"rendered":"Caminhada e Corrida do M\u00e9dico re\u00fane mais de 500 atletas"},"content":{"rendered":"\n<p>A Avenida Hermes da Fonseca, em Natal, amanheceu tomada por cores, energia e solidariedade no dia 5 de outubro, durante a InMED \u2013 Caminhada e Corrida do M\u00e9dico. O evento reuniu mais de 500 atletas, entre m\u00e9dicos, profissionais da sa\u00fade e amantes do esporte, em uma celebra\u00e7\u00e3o especial do M\u00eas do M\u00e9dico e da Campanha Outubro Rosa, dedicada \u00e0 preven\u00e7\u00e3o do c\u00e2ncer de mama.<\/p>\n\n\n\n<p>Promovida pela Associa\u00e7\u00e3o M\u00e9dica do Rio Grande do Norte (AMRN), a prova teve como objetivo incentivar h\u00e1bitos saud\u00e1veis, promover a integra\u00e7\u00e3o da categoria m\u00e9dica e conscientizar sobre a import\u00e2ncia do autocuidado e da preven\u00e7\u00e3o.<\/p>\n\n\n\n<p>De acordo com o presidente da AMRN, Dr. Itamar Ribeiro de Oliveira, o evento simboliza o compromisso da institui\u00e7\u00e3o com a sa\u00fade em todas as suas dimens\u00f5es \u2014 f\u00edsica, mental e social.<\/p>\n\n\n\n<p>\u201cA InMED \u00e9 muito mais do que uma corrida. \u00c9 um movimento de uni\u00e3o, preven\u00e7\u00e3o e valoriza\u00e7\u00e3o da vida. Ficamos imensamente felizes com a grande ades\u00e3o de m\u00e9dicos, familiares e da comunidade. Eventos como este refor\u00e7am o papel do m\u00e9dico n\u00e3o apenas como profissional da sa\u00fade, mas tamb\u00e9m como exemplo de cuidado e bem-estar\u201d, destacou Dr. Itamar.<\/p>\n\n\n\n<p>A Associa\u00e7\u00e3o M\u00e9dica do Rio Grande do Norte agradece a todos os participantes, patrocinadores e parceiros que contribu\u00edram para o sucesso da edi\u00e7\u00e3o 2025 da InMED, tornando o evento um marco na programa\u00e7\u00e3o do M\u00eas do M\u00e9dico.<\/p>\n\n\n\n<p>E para quem participou \u2014 ou ficou com vontade de participar \u2014, o convite j\u00e1 est\u00e1 feito:<\/p>\n\n\n\n<p>\u201cEsperamos todos novamente na pr\u00f3xima edi\u00e7\u00e3o da Caminhada e Corrida do M\u00e9dico. Que possamos continuar juntos, celebrando a vida, o movimento e a sa\u00fade!\u201d, completou o presidente.<\/p>\n\n\n\n<p>\ud83d\udc97 #OutubroRosa #Sa\u00fade #Medicina #CorridaDoM\u00e9dico #AMRN #InMED #Uni\u00e3o #Preven\u00e7\u00e3o #Esporte<\/p>\n\n\n\n<figure class=\"blockart-image blockart-image-6b26200e\"><img loading=\"lazy\" decoding=\"async\" class=\"wp-image-2550 hover-effect-static filter-none mask mask-none\" src=\"https:\/\/amrn.org.br\/home\/wp-content\/uploads\/2025\/11\/WhatsApp-Image-2025-11-05-at-21.00.41.jpeg\" alt=\"\" height=\"1066\" width=\"1600\" srcset=\"https:\/\/amrn.org.br\/home\/wp-content\/uploads\/2025\/11\/WhatsApp-Image-2025-11-05-at-21.00.41.jpeg 1600w, https:\/\/amrn.org.br\/home\/wp-content\/uploads\/2025\/11\/WhatsApp-Image-2025-11-05-at-21.00.41-300x200.jpeg 300w, https:\/\/amrn.org.br\/home\/wp-content\/uploads\/2025\/11\/WhatsApp-Image-2025-11-05-at-21.00.41-1024x682.jpeg 1024w, https:\/\/amrn.org.br\/home\/wp-content\/uploads\/2025\/11\/WhatsApp-Image-2025-11-05-at-21.00.41-768x512.jpeg 768w, https:\/\/amrn.org.br\/home\/wp-content\/uploads\/2025\/11\/WhatsApp-Image-2025-11-05-at-21.00.41-1536x1023.jpeg 1536w\" sizes=\"auto, (max-width: 1600px) 100vw, 1600px\" \/><\/figure>\n","protected":false},"excerpt":{"rendered":"<p>A Avenida Hermes da Fonseca, em Natal, amanheceu tomada por cores, energia e solidariedade no dia 5 de outubro, durante a InMED \u2013 Caminhada e Corrida do M\u00e9dico. O evento reuniu mais de 500 atletas, entre m\u00e9dicos, profissionais da sa\u00fade e amantes do esporte, em uma celebra\u00e7\u00e3o especial do M\u00eas do M\u00e9dico e da Campanha [&hellip;]<\/p>\n","protected":false},"author":2,"featured_media":2549,"comment_status":"closed","ping_status":"","sticky":false,"template":"","format":"standard","meta":{"zakra_sidebar_layout":"customizer","zakra_remove_content_margin":false,"zakra_sidebar":"customizer","zakra_transparent_header":"customizer","zakra_logo":0,"zakra_main_header_style":"default","zakra_menu_item_color":"","zakra_menu_item_hover_color":"","zakra_menu_item_active_color":"","zakra_menu_active_style":"","zakra_page_header":true,"footnotes":""},"categories":[31],"tags":[],"class_list":["post-2551","post","type-post","status-publish","format-standard","has-post-thumbnail","hentry","category-noticias"],"_links":{"self":[{"href":"https:\/\/amrn.org.br\/home\/wp-json\/wp\/v2\/posts\/2551","targetHints":{"allow":["GET"]}}],"collection":[{"href":"https:\/\/amrn.org.br\/home\/wp-json\/wp\/v2\/posts"}],"about":[{"href":"https:\/\/amrn.org.br\/home\/wp-json\/wp\/v2\/types\/post"}],"author":[{"embeddable":true,"href":"https:\/\/amrn.org.br\/home\/wp-json\/wp\/v2\/users\/2"}],"replies":[{"embeddable":true,"href":"https:\/\/amrn.org.br\/home\/wp-json\/wp\/v2\/comments?post=2551"}],"version-history":[{"count":1,"href":"https:\/\/amrn.org.br\/home\/wp-json\/wp\/v2\/posts\/2551\/revisions"}],"predecessor-version":[{"id":2552,"href":"https:\/\/amrn.org.br\/home\/wp-json\/wp\/v2\/posts\/2551\/revisions\/2552"}],"wp:featuredmedia":[{"embeddable":true,"href":"https:\/\/amrn.org.br\/home\/wp-json\/wp\/v2\/media\/2549"}],"wp:attachment":[{"href":"https:\/\/amrn.org.br\/home\/wp-json\/wp\/v2\/media?parent=2551"}],"wp:term":[{"taxonomy":"category","embeddable":true,"href":"https:\/\/amrn.org.br\/home\/wp-json\/wp\/v2\/categories?post=2551"},{"taxonomy":"post_tag","embeddable":true,"href":"https:\/\/amrn.org.br\/home\/wp-json\/wp\/v2\/tags?post=2551"}],"curies":[{"name":"wp","href":"https:\/\/api.w.org\/{rel}","templated":true}]}}